{"id":2679,"date":"2021-07-27T10:58:44","date_gmt":"2021-07-27T08:58:44","guid":{"rendered":"https:\/\/www.packr.com\/?p=2679"},"modified":"2021-07-27T11:02:35","modified_gmt":"2021-07-27T09:02:35","slug":"nouveau-partenariat-avec-la-dalle-angevine","status":"publish","type":"post","link":"https:\/\/www.packr.com\/fr\/nouveau-partenariat-avec-la-dalle-angevine\/","title":{"rendered":"Nouveau partenariat avec La Dalle Angevine"},"content":{"rendered":"<h2>En 2021, PACK&rsquo;R s&rsquo;investit dans le m\u00e9c\u00e9nat sportif avec <a href=\"https:\/\/www.linkedin.com\/posts\/la-dalle-angevine_maezcaeznat-angers-entreprise-activity-6825325245914746880-sXWw\" target=\"_blank\" rel=\"noopener\">La Dalle Angevine<\/a><\/h2>\n<p><img decoding=\"async\" class=\"wp-image-2705 alignright\" src=\"https:\/\/www.packr.com\/wp-content\/uploads\/2021\/07\/Logo_LDA_Round_black-300x300.png\" alt=\"\" width=\"176\" height=\"176\" srcset=\"https:\/\/www.packr.com\/wp-content\/uploads\/2021\/07\/Logo_LDA_Round_black-300x300.png 300w, https:\/\/www.packr.com\/wp-content\/uploads\/2021\/07\/Logo_LDA_Round_black-1024x1024.png 1024w, https:\/\/www.packr.com\/wp-content\/uploads\/2021\/07\/Logo_LDA_Round_black-150x150.png 150w, https:\/\/www.packr.com\/wp-content\/uploads\/2021\/07\/Logo_LDA_Round_black-768x768.png 768w, https:\/\/www.packr.com\/wp-content\/uploads\/2021\/07\/Logo_LDA_Round_black.png 1049w\" sizes=\"(max-width: 176px) 100vw, 176px\" \/><\/p>\n<p>Apr\u00e8s le soutien \u00e0 la fondation <a href=\"http:\/\/www.mecene-et-loire.fr\/\" target=\"_blank\" rel=\"noopener\">M\u00e9c\u00e8ne et Loire<\/a> dans le domaine culturel depuis plusieurs ann\u00e9es, l&rsquo;entreprise s&rsquo;est r\u00e9cemment investit dans le domaine du sport en soutenant les actions de l&rsquo;association <a href=\"https:\/\/ladalleangevine.com\/\" target=\"_blank\" rel=\"noopener\">La Dalle Angevine<\/a>, qui a des objectifs bien d\u00e9finis :<\/p>\n<ul>\n<li><strong><span style=\"font-size: 10.5pt; font-family: 'Rubik',serif; color: #172027; letter-spacing: .3pt;\">valoriser et promouvoir la vie sportive<\/span><\/strong><span style=\"font-size: 10.5pt; font-family: 'Rubik',serif; color: #172027; letter-spacing: .3pt;\"> et ses pratiquants,<\/span><\/li>\n<li><span style=\"font-size: 10.5pt; font-family: 'Rubik',serif; color: #172027; letter-spacing: .3pt;\"><strong style=\"box-sizing: border-box;\"><span style=\"font-family: 'Rubik',serif;\">f\u00e9d\u00e9rer les associations et clubs<\/span><\/strong>\u00a0<strong style=\"box-sizing: border-box;\"><span style=\"font-family: 'Rubik',serif;\">de la ville<\/span><\/strong> en organisant des \u00e9v\u00e9nements sportifs,<\/span><\/li>\n<li><span style=\"font-size: 10.5pt; font-family: 'Rubik',serif; color: #172027; letter-spacing: .3pt;\">accompagner concr\u00e8tement et financi\u00e8rement des actions de clubs et athl\u00e8tes angevins.<\/span><\/li>\n<\/ul>\n<p>Depuis 2017, 12 projets ont \u00e9t\u00e9 soutenus dans le cadre de leur \u00ab Appel \u00e0 Projets Sportifs \u00bb destin\u00e9 \u00e0 des projets \u00ab \u00c9LITES \u00bb ou \u00ab SOCI\u00c9TAUX \u00bb.<\/p>\n<p>Des valeurs communes d&rsquo;excellence et d&rsquo;engagement ont men\u00e9 l&rsquo;entreprise \u00e0 soutenir cette association angevine dans ses projets.<\/p>\n<p style=\"margin: 13.5pt 0cm .0001pt 0cm;\"><span style=\"font-size: 10.5pt; font-family: 'Rubik',serif; color: #172027; letter-spacing: .3pt;\">Ces actions d\u2019int\u00e9r\u00eat g\u00e9n\u00e9ral sont porteuses d\u2019image pour tout le territoire du Maine et Loire et contribuent \u00e0 la <strong style=\"box-sizing: border-box;\"><span style=\"font-family: 'Rubik',serif;\">dynamique associative locale<\/span><\/strong>. <\/span>Au travers de ces soutiens, PACK&rsquo;R souhaite \u00e9galement transmettre au sein de ses \u00e9quipes des valeurs de partage, un engagement f\u00e9d\u00e9rateur et l&rsquo;image d&rsquo;une entreprise citoyenne qui s&rsquo;implique dans des projets au niveau local.<\/p>\n<p>Si vous souhaitez en savoir plus sur la place du m\u00e9c\u00e9nat dans notre d\u00e9marche RSE, n&rsquo;h\u00e9sitez pas \u00e0 consulter notre page \u00a0\u00bb\u00a0<a href=\"https:\/\/www.packr.com\/fr\/notre-demarche-rse-developpement-durable\/\" target=\"_blank\" rel=\"noopener\">Notre d\u00e9marche RSE<\/a> \u00ab\u00a0.<\/p>\n<p>&nbsp;<\/p>\n","protected":false},"excerpt":{"rendered":"<p>En 2021, PACK&rsquo;R s&rsquo;investit dans le m\u00e9c\u00e9nat sportif avec La Dalle Angevine Apr\u00e8s le soutien \u00e0 la fondation M\u00e9c\u00e8ne et [&hellip;]<\/p>\n","protected":false},"author":3,"featured_media":2723,"comment_status":"open","ping_status":"open","sticky":false,"template":"","format":"standard","meta":{"_acf_changed":false,"footnotes":""},"categories":[4],"tags":[],"class_list":["post-2679","post","type-post","status-publish","format-standard","has-post-thumbnail","hentry","category-societe"],"acf":[],"yoast_head":"<!-- This site is optimized with the Yoast SEO plugin v25.6 - https:\/\/yoast.com\/wordpress\/plugins\/seo\/ -->\n<title>Nouveau partenariat avec La Dalle Angevine - PACKR<\/title>\n<meta name=\"robots\" content=\"index, follow, max-snippet:-1, max-image-preview:large, max-video-preview:-1\" \/>\n<link rel=\"canonical\" href=\"https:\/\/www.packr.com\/fr\/nouveau-partenariat-avec-la-dalle-angevine\/\" \/>\n<meta property=\"og:locale\" content=\"fr_FR\" \/>\n<meta property=\"og:type\" content=\"article\" \/>\n<meta property=\"og:title\" content=\"Nouveau partenariat avec La Dalle Angevine - PACKR\" \/>\n<meta property=\"og:description\" content=\"En 2021, PACK&rsquo;R s&rsquo;investit dans le m\u00e9c\u00e9nat sportif avec La Dalle Angevine Apr\u00e8s le soutien \u00e0 la fondation M\u00e9c\u00e8ne et [&hellip;]\" \/>\n<meta property=\"og:url\" content=\"https:\/\/www.packr.com\/fr\/nouveau-partenariat-avec-la-dalle-angevine\/\" \/>\n<meta property=\"og:site_name\" content=\"PACKR\" \/>\n<meta property=\"article:published_time\" content=\"2021-07-27T08:58:44+00:00\" \/>\n<meta property=\"article:modified_time\" content=\"2021-07-27T09:02:35+00:00\" \/>\n<meta property=\"og:image\" content=\"https:\/\/www.packr.com\/wp-content\/uploads\/2021\/07\/Didier-Bessard-1-1024x828.png\" \/>\n\t<meta property=\"og:image:width\" content=\"1024\" \/>\n\t<meta property=\"og:image:height\" content=\"828\" \/>\n\t<meta property=\"og:image:type\" content=\"image\/png\" \/>\n<meta name=\"author\" content=\"LuciePackR\" \/>\n<meta name=\"twitter:card\" content=\"summary_large_image\" \/>\n<meta name=\"twitter:label1\" content=\"\u00c9crit par\" \/>\n\t<meta name=\"twitter:data1\" content=\"LuciePackR\" \/>\n\t<meta name=\"twitter:label2\" content=\"Dur\u00e9e de lecture estim\u00e9e\" \/>\n\t<meta name=\"twitter:data2\" content=\"2 minutes\" \/>\n<script type=\"application\/ld+json\" class=\"yoast-schema-graph\">{\"@context\":\"https:\/\/schema.org\",\"@graph\":[{\"@type\":\"Article\",\"@id\":\"https:\/\/www.packr.com\/fr\/nouveau-partenariat-avec-la-dalle-angevine\/#article\",\"isPartOf\":{\"@id\":\"https:\/\/www.packr.com\/fr\/nouveau-partenariat-avec-la-dalle-angevine\/\"},\"author\":{\"name\":\"LuciePackR\",\"@id\":\"https:\/\/www.packr.com\/fr\/#\/schema\/person\/a72848de020cd40f23b97bf4f71322cf\"},\"headline\":\"Nouveau partenariat avec La Dalle Angevine\",\"datePublished\":\"2021-07-27T08:58:44+00:00\",\"dateModified\":\"2021-07-27T09:02:35+00:00\",\"mainEntityOfPage\":{\"@id\":\"https:\/\/www.packr.com\/fr\/nouveau-partenariat-avec-la-dalle-angevine\/\"},\"wordCount\":244,\"commentCount\":0,\"publisher\":{\"@id\":\"https:\/\/www.packr.com\/fr\/#organization\"},\"image\":{\"@id\":\"https:\/\/www.packr.com\/fr\/nouveau-partenariat-avec-la-dalle-angevine\/#primaryimage\"},\"thumbnailUrl\":\"https:\/\/www.packr.com\/wp-content\/uploads\/2021\/07\/Didier-Bessard-1.png\",\"articleSection\":[\"Soci\u00e9t\u00e9\"],\"inLanguage\":\"fr-FR\"},{\"@type\":\"WebPage\",\"@id\":\"https:\/\/www.packr.com\/fr\/nouveau-partenariat-avec-la-dalle-angevine\/\",\"url\":\"https:\/\/www.packr.com\/fr\/nouveau-partenariat-avec-la-dalle-angevine\/\",\"name\":\"Nouveau partenariat avec La Dalle Angevine - PACKR\",\"isPartOf\":{\"@id\":\"https:\/\/www.packr.com\/fr\/#website\"},\"primaryImageOfPage\":{\"@id\":\"https:\/\/www.packr.com\/fr\/nouveau-partenariat-avec-la-dalle-angevine\/#primaryimage\"},\"image\":{\"@id\":\"https:\/\/www.packr.com\/fr\/nouveau-partenariat-avec-la-dalle-angevine\/#primaryimage\"},\"thumbnailUrl\":\"https:\/\/www.packr.com\/wp-content\/uploads\/2021\/07\/Didier-Bessard-1.png\",\"datePublished\":\"2021-07-27T08:58:44+00:00\",\"dateModified\":\"2021-07-27T09:02:35+00:00\",\"breadcrumb\":{\"@id\":\"https:\/\/www.packr.com\/fr\/nouveau-partenariat-avec-la-dalle-angevine\/#breadcrumb\"},\"inLanguage\":\"fr-FR\",\"potentialAction\":[{\"@type\":\"ReadAction\",\"target\":[\"https:\/\/www.packr.com\/fr\/nouveau-partenariat-avec-la-dalle-angevine\/\"]}]},{\"@type\":\"ImageObject\",\"inLanguage\":\"fr-FR\",\"@id\":\"https:\/\/www.packr.com\/fr\/nouveau-partenariat-avec-la-dalle-angevine\/#primaryimage\",\"url\":\"https:\/\/www.packr.com\/wp-content\/uploads\/2021\/07\/Didier-Bessard-1.png\",\"contentUrl\":\"https:\/\/www.packr.com\/wp-content\/uploads\/2021\/07\/Didier-Bessard-1.png\",\"width\":1688,\"height\":1365},{\"@type\":\"BreadcrumbList\",\"@id\":\"https:\/\/www.packr.com\/fr\/nouveau-partenariat-avec-la-dalle-angevine\/#breadcrumb\",\"itemListElement\":[{\"@type\":\"ListItem\",\"position\":1,\"name\":\"Home\",\"item\":\"https:\/\/www.packr.com\/fr\/\"},{\"@type\":\"ListItem\",\"position\":2,\"name\":\"Nouveau partenariat avec La Dalle Angevine\"}]},{\"@type\":\"WebSite\",\"@id\":\"https:\/\/www.packr.com\/fr\/#website\",\"url\":\"https:\/\/www.packr.com\/fr\/\",\"name\":\"PACKR\",\"description\":\"Filling Solutions\",\"publisher\":{\"@id\":\"https:\/\/www.packr.com\/fr\/#organization\"},\"potentialAction\":[{\"@type\":\"SearchAction\",\"target\":{\"@type\":\"EntryPoint\",\"urlTemplate\":\"https:\/\/www.packr.com\/fr\/?s={search_term_string}\"},\"query-input\":{\"@type\":\"PropertyValueSpecification\",\"valueRequired\":true,\"valueName\":\"search_term_string\"}}],\"inLanguage\":\"fr-FR\"},{\"@type\":\"Organization\",\"@id\":\"https:\/\/www.packr.com\/fr\/#organization\",\"name\":\"PACKR\",\"url\":\"https:\/\/www.packr.com\/fr\/\",\"logo\":{\"@type\":\"ImageObject\",\"inLanguage\":\"fr-FR\",\"@id\":\"https:\/\/www.packr.com\/fr\/#\/schema\/logo\/image\/\",\"url\":\"https:\/\/www.packr.com\/wp-content\/uploads\/2020\/12\/logo_packr.svg\",\"contentUrl\":\"https:\/\/www.packr.com\/wp-content\/uploads\/2020\/12\/logo_packr.svg\",\"width\":270,\"height\":855,\"caption\":\"PACKR\"},\"image\":{\"@id\":\"https:\/\/www.packr.com\/fr\/#\/schema\/logo\/image\/\"}},{\"@type\":\"Person\",\"@id\":\"https:\/\/www.packr.com\/fr\/#\/schema\/person\/a72848de020cd40f23b97bf4f71322cf\",\"name\":\"LuciePackR\",\"image\":{\"@type\":\"ImageObject\",\"inLanguage\":\"fr-FR\",\"@id\":\"https:\/\/www.packr.com\/fr\/#\/schema\/person\/image\/\",\"url\":\"https:\/\/secure.gravatar.com\/avatar\/c45af12fe0d8cc7ba8c834ada7ed3f55?s=96&d=mm&r=g\",\"contentUrl\":\"https:\/\/secure.gravatar.com\/avatar\/c45af12fe0d8cc7ba8c834ada7ed3f55?s=96&d=mm&r=g\",\"caption\":\"LuciePackR\"},\"url\":\"https:\/\/www.packr.com\/fr\/author\/luciepackr\/\"}]}<\/script>\n<!-- \/ Yoast SEO plugin. -->","yoast_head_json":{"title":"Nouveau partenariat avec La Dalle Angevine - PACKR","robots":{"index":"index","follow":"follow","max-snippet":"max-snippet:-1","max-image-preview":"max-image-preview:large","max-video-preview":"max-video-preview:-1"},"canonical":"https:\/\/www.packr.com\/fr\/nouveau-partenariat-avec-la-dalle-angevine\/","og_locale":"fr_FR","og_type":"article","og_title":"Nouveau partenariat avec La Dalle Angevine - PACKR","og_description":"En 2021, PACK&rsquo;R s&rsquo;investit dans le m\u00e9c\u00e9nat sportif avec La Dalle Angevine Apr\u00e8s le soutien \u00e0 la fondation M\u00e9c\u00e8ne et [&hellip;]","og_url":"https:\/\/www.packr.com\/fr\/nouveau-partenariat-avec-la-dalle-angevine\/","og_site_name":"PACKR","article_published_time":"2021-07-27T08:58:44+00:00","article_modified_time":"2021-07-27T09:02:35+00:00","og_image":[{"width":1024,"height":828,"url":"https:\/\/www.packr.com\/wp-content\/uploads\/2021\/07\/Didier-Bessard-1-1024x828.png","type":"image\/png"}],"author":"LuciePackR","twitter_card":"summary_large_image","twitter_misc":{"\u00c9crit par":"LuciePackR","Dur\u00e9e de lecture estim\u00e9e":"2 minutes"},"schema":{"@context":"https:\/\/schema.org","@graph":[{"@type":"Article","@id":"https:\/\/www.packr.com\/fr\/nouveau-partenariat-avec-la-dalle-angevine\/#article","isPartOf":{"@id":"https:\/\/www.packr.com\/fr\/nouveau-partenariat-avec-la-dalle-angevine\/"},"author":{"name":"LuciePackR","@id":"https:\/\/www.packr.com\/fr\/#\/schema\/person\/a72848de020cd40f23b97bf4f71322cf"},"headline":"Nouveau partenariat avec La Dalle Angevine","datePublished":"2021-07-27T08:58:44+00:00","dateModified":"2021-07-27T09:02:35+00:00","mainEntityOfPage":{"@id":"https:\/\/www.packr.com\/fr\/nouveau-partenariat-avec-la-dalle-angevine\/"},"wordCount":244,"commentCount":0,"publisher":{"@id":"https:\/\/www.packr.com\/fr\/#organization"},"image":{"@id":"https:\/\/www.packr.com\/fr\/nouveau-partenariat-avec-la-dalle-angevine\/#primaryimage"},"thumbnailUrl":"https:\/\/www.packr.com\/wp-content\/uploads\/2021\/07\/Didier-Bessard-1.png","articleSection":["Soci\u00e9t\u00e9"],"inLanguage":"fr-FR"},{"@type":"WebPage","@id":"https:\/\/www.packr.com\/fr\/nouveau-partenariat-avec-la-dalle-angevine\/","url":"https:\/\/www.packr.com\/fr\/nouveau-partenariat-avec-la-dalle-angevine\/","name":"Nouveau partenariat avec La Dalle Angevine - PACKR","isPartOf":{"@id":"https:\/\/www.packr.com\/fr\/#website"},"primaryImageOfPage":{"@id":"https:\/\/www.packr.com\/fr\/nouveau-partenariat-avec-la-dalle-angevine\/#primaryimage"},"image":{"@id":"https:\/\/www.packr.com\/fr\/nouveau-partenariat-avec-la-dalle-angevine\/#primaryimage"},"thumbnailUrl":"https:\/\/www.packr.com\/wp-content\/uploads\/2021\/07\/Didier-Bessard-1.png","datePublished":"2021-07-27T08:58:44+00:00","dateModified":"2021-07-27T09:02:35+00:00","breadcrumb":{"@id":"https:\/\/www.packr.com\/fr\/nouveau-partenariat-avec-la-dalle-angevine\/#breadcrumb"},"inLanguage":"fr-FR","potentialAction":[{"@type":"ReadAction","target":["https:\/\/www.packr.com\/fr\/nouveau-partenariat-avec-la-dalle-angevine\/"]}]},{"@type":"ImageObject","inLanguage":"fr-FR","@id":"https:\/\/www.packr.com\/fr\/nouveau-partenariat-avec-la-dalle-angevine\/#primaryimage","url":"https:\/\/www.packr.com\/wp-content\/uploads\/2021\/07\/Didier-Bessard-1.png","contentUrl":"https:\/\/www.packr.com\/wp-content\/uploads\/2021\/07\/Didier-Bessard-1.png","width":1688,"height":1365},{"@type":"BreadcrumbList","@id":"https:\/\/www.packr.com\/fr\/nouveau-partenariat-avec-la-dalle-angevine\/#breadcrumb","itemListElement":[{"@type":"ListItem","position":1,"name":"Home","item":"https:\/\/www.packr.com\/fr\/"},{"@type":"ListItem","position":2,"name":"Nouveau partenariat avec La Dalle Angevine"}]},{"@type":"WebSite","@id":"https:\/\/www.packr.com\/fr\/#website","url":"https:\/\/www.packr.com\/fr\/","name":"PACKR","description":"Filling Solutions","publisher":{"@id":"https:\/\/www.packr.com\/fr\/#organization"},"potentialAction":[{"@type":"SearchAction","target":{"@type":"EntryPoint","urlTemplate":"https:\/\/www.packr.com\/fr\/?s={search_term_string}"},"query-input":{"@type":"PropertyValueSpecification","valueRequired":true,"valueName":"search_term_string"}}],"inLanguage":"fr-FR"},{"@type":"Organization","@id":"https:\/\/www.packr.com\/fr\/#organization","name":"PACKR","url":"https:\/\/www.packr.com\/fr\/","logo":{"@type":"ImageObject","inLanguage":"fr-FR","@id":"https:\/\/www.packr.com\/fr\/#\/schema\/logo\/image\/","url":"https:\/\/www.packr.com\/wp-content\/uploads\/2020\/12\/logo_packr.svg","contentUrl":"https:\/\/www.packr.com\/wp-content\/uploads\/2020\/12\/logo_packr.svg","width":270,"height":855,"caption":"PACKR"},"image":{"@id":"https:\/\/www.packr.com\/fr\/#\/schema\/logo\/image\/"}},{"@type":"Person","@id":"https:\/\/www.packr.com\/fr\/#\/schema\/person\/a72848de020cd40f23b97bf4f71322cf","name":"LuciePackR","image":{"@type":"ImageObject","inLanguage":"fr-FR","@id":"https:\/\/www.packr.com\/fr\/#\/schema\/person\/image\/","url":"https:\/\/secure.gravatar.com\/avatar\/c45af12fe0d8cc7ba8c834ada7ed3f55?s=96&d=mm&r=g","contentUrl":"https:\/\/secure.gravatar.com\/avatar\/c45af12fe0d8cc7ba8c834ada7ed3f55?s=96&d=mm&r=g","caption":"LuciePackR"},"url":"https:\/\/www.packr.com\/fr\/author\/luciepackr\/"}]}},"_links":{"self":[{"href":"https:\/\/www.packr.com\/fr\/wp-json\/wp\/v2\/posts\/2679"}],"collection":[{"href":"https:\/\/www.packr.com\/fr\/wp-json\/wp\/v2\/posts"}],"about":[{"href":"https:\/\/www.packr.com\/fr\/wp-json\/wp\/v2\/types\/post"}],"author":[{"embeddable":true,"href":"https:\/\/www.packr.com\/fr\/wp-json\/wp\/v2\/users\/3"}],"replies":[{"embeddable":true,"href":"https:\/\/www.packr.com\/fr\/wp-json\/wp\/v2\/comments?post=2679"}],"version-history":[{"count":39,"href":"https:\/\/www.packr.com\/fr\/wp-json\/wp\/v2\/posts\/2679\/revisions"}],"predecessor-version":[{"id":2731,"href":"https:\/\/www.packr.com\/fr\/wp-json\/wp\/v2\/posts\/2679\/revisions\/2731"}],"wp:featuredmedia":[{"embeddable":true,"href":"https:\/\/www.packr.com\/fr\/wp-json\/wp\/v2\/media\/2723"}],"wp:attachment":[{"href":"https:\/\/www.packr.com\/fr\/wp-json\/wp\/v2\/media?parent=2679"}],"wp:term":[{"taxonomy":"category","embeddable":true,"href":"https:\/\/www.packr.com\/fr\/wp-json\/wp\/v2\/categories?post=2679"},{"taxonomy":"post_tag","embeddable":true,"href":"https:\/\/www.packr.com\/fr\/wp-json\/wp\/v2\/tags?post=2679"}],"curies":[{"name":"wp","href":"https:\/\/api.w.org\/{rel}","templated":true}]}}