{"id":3161,"date":"2022-09-08T16:21:45","date_gmt":"2022-09-08T14:21:45","guid":{"rendered":"https:\/\/www.packr.com\/?p=3161"},"modified":"2026-01-12T13:51:54","modified_gmt":"2026-01-12T12:51:54","slug":"retrouvez-nous-a-pack-expo-en-octobre-2022","status":"publish","type":"post","link":"https:\/\/www.packr.com\/fr\/retrouvez-nous-a-pack-expo-en-octobre-2022\/","title":{"rendered":"Retrouvez-nous \u00e0 PACK EXPO en octobre 2022"},"content":{"rendered":"<div class=\"wpb-content-wrapper\"><p>[vc_row][vc_column][vc_column_text uncode_shortcode_id=\u00a0\u00bb375766&Prime;]<\/p>\n<h2><strong>PACK EXPO, 2022<\/strong><\/h2>\n<p><img decoding=\"async\" class=\"alignnone wp-image-3168\" src=\"https:\/\/www.packr.com\/wp-content\/uploads\/2022\/09\/visu-site-web-fr-1-300x214.jpg\" alt=\"\" width=\"329\" height=\"235\" srcset=\"https:\/\/www.packr.com\/wp-content\/uploads\/2022\/09\/visu-site-web-fr-1-300x214.jpg 300w, https:\/\/www.packr.com\/wp-content\/uploads\/2022\/09\/visu-site-web-fr-1-1024x731.jpg 1024w, https:\/\/www.packr.com\/wp-content\/uploads\/2022\/09\/visu-site-web-fr-1-768x548.jpg 768w, https:\/\/www.packr.com\/wp-content\/uploads\/2022\/09\/visu-site-web-fr-1-1536x1097.jpg 1536w, https:\/\/www.packr.com\/wp-content\/uploads\/2022\/09\/visu-site-web-fr-1.jpg 2000w\" sizes=\"(max-width: 329px) 100vw, 329px\" \/><\/p>\n<p><strong>PACK EXPO International<\/strong> est le salon de l&rsquo;industrie que vous ne pouvez pas manquer.<\/p>\n<p>Apr\u00e8s quatre ans d&rsquo;absence, le salon se tiendra <strong>du 23 au 26 octobre 2022<\/strong> au \u00ab\u00a0McCormick Place\u00a0\u00bb \u00e0 Chicago (US).<\/p>\n<p>Vous pourrez y rencontrer notre \u00e9quipe qui aura le plaisir de vous accueillir et de vous pr\u00e9senter nos <strong>machines de remplissage.<\/strong><\/p>\n<p>Venez \u00e9changer avec nous sur vos projets au <strong>b\u00e2timent Nord, au stand 5767<\/strong>.<br \/>\nNous vous offrirons toute notre expertise et saurons r\u00e9pondre \u00e0 vos besoins.<\/p>\n<p>Vous pouvez nous contacter \u00e0 sales.usa@packr.com[\/vc_column_text][\/vc_column][\/vc_row]<\/p>\n<\/div>","protected":false},"excerpt":{"rendered":"<p>[vc_row][vc_column][vc_column_text uncode_shortcode_id=\u00a0\u00bb375766&Prime;] PACK EXPO, 2022 PACK EXPO International est le salon de l&rsquo;industrie que vous ne pouvez pas manquer. Apr\u00e8s [&hellip;]<\/p>\n","protected":false},"author":5,"featured_media":3170,"comment_status":"closed","ping_status":"closed","sticky":false,"template":"","format":"standard","meta":{"_acf_changed":false,"footnotes":""},"categories":[26,29],"tags":[],"class_list":["post-3161","post","type-post","status-publish","format-standard","has-post-thumbnail","hentry","category-actualites","category-evenements"],"acf":[],"yoast_head":"<!-- This site is optimized with the Yoast SEO plugin v25.6 - https:\/\/yoast.com\/wordpress\/plugins\/seo\/ -->\n<title>Retrouvez-nous \u00e0 PACK EXPO en octobre 2022 - PACK&#039;R<\/title>\n<meta name=\"robots\" content=\"index, follow, max-snippet:-1, max-image-preview:large, max-video-preview:-1\" \/>\n<link rel=\"canonical\" href=\"https:\/\/www.packr.com\/fr\/retrouvez-nous-a-pack-expo-en-octobre-2022\/\" \/>\n<meta property=\"og:locale\" content=\"fr_FR\" \/>\n<meta property=\"og:type\" content=\"article\" \/>\n<meta property=\"og:title\" content=\"Retrouvez-nous \u00e0 PACK EXPO en octobre 2022 - PACK&#039;R\" \/>\n<meta property=\"og:description\" content=\"[vc_row][vc_column][vc_column_text uncode_shortcode_id=\u00a0\u00bb375766&Prime;] PACK EXPO, 2022 PACK EXPO International est le salon de l&rsquo;industrie que vous ne pouvez pas manquer. Apr\u00e8s [&hellip;]\" \/>\n<meta property=\"og:url\" content=\"https:\/\/www.packr.com\/fr\/retrouvez-nous-a-pack-expo-en-octobre-2022\/\" \/>\n<meta property=\"og:site_name\" content=\"PACKR\" \/>\n<meta property=\"article:published_time\" content=\"2022-09-08T14:21:45+00:00\" \/>\n<meta property=\"article:modified_time\" content=\"2026-01-12T12:51:54+00:00\" \/>\n<meta property=\"og:image\" content=\"https:\/\/www.packr.com\/wp-content\/uploads\/2022\/09\/Actu-site-FR.jpg\" \/>\n\t<meta property=\"og:image:width\" content=\"1389\" \/>\n\t<meta property=\"og:image:height\" content=\"983\" \/>\n\t<meta property=\"og:image:type\" content=\"image\/jpeg\" \/>\n<meta name=\"author\" content=\"CamilleChabot\" \/>\n<meta name=\"twitter:card\" content=\"summary_large_image\" \/>\n<meta name=\"twitter:label1\" content=\"\u00c9crit par\" \/>\n\t<meta name=\"twitter:data1\" content=\"CamilleChabot\" \/>\n\t<meta name=\"twitter:label2\" content=\"Dur\u00e9e de lecture estim\u00e9e\" \/>\n\t<meta name=\"twitter:data2\" content=\"1 minute\" \/>\n<script type=\"application\/ld+json\" class=\"yoast-schema-graph\">{\"@context\":\"https:\/\/schema.org\",\"@graph\":[{\"@type\":\"Article\",\"@id\":\"https:\/\/www.packr.com\/fr\/retrouvez-nous-a-pack-expo-en-octobre-2022\/#article\",\"isPartOf\":{\"@id\":\"https:\/\/www.packr.com\/fr\/retrouvez-nous-a-pack-expo-en-octobre-2022\/\"},\"author\":{\"name\":\"CamilleChabot\",\"@id\":\"https:\/\/www.packr.com\/fr\/#\/schema\/person\/baa914d63c89dde437077d1ddd303eab\"},\"headline\":\"Retrouvez-nous \u00e0 PACK EXPO en octobre 2022\",\"datePublished\":\"2022-09-08T14:21:45+00:00\",\"dateModified\":\"2026-01-12T12:51:54+00:00\",\"mainEntityOfPage\":{\"@id\":\"https:\/\/www.packr.com\/fr\/retrouvez-nous-a-pack-expo-en-octobre-2022\/\"},\"wordCount\":112,\"publisher\":{\"@id\":\"https:\/\/www.packr.com\/fr\/#organization\"},\"image\":{\"@id\":\"https:\/\/www.packr.com\/fr\/retrouvez-nous-a-pack-expo-en-octobre-2022\/#primaryimage\"},\"thumbnailUrl\":\"https:\/\/www.packr.com\/wp-content\/uploads\/2022\/09\/Actu-site-FR.jpg\",\"articleSection\":[\"Actualit\u00e9s\",\"Ev\u00e8nements\"],\"inLanguage\":\"fr-FR\"},{\"@type\":\"WebPage\",\"@id\":\"https:\/\/www.packr.com\/fr\/retrouvez-nous-a-pack-expo-en-octobre-2022\/\",\"url\":\"https:\/\/www.packr.com\/fr\/retrouvez-nous-a-pack-expo-en-octobre-2022\/\",\"name\":\"Retrouvez-nous \u00e0 PACK EXPO en octobre 2022 - PACK'R\",\"isPartOf\":{\"@id\":\"https:\/\/www.packr.com\/fr\/#website\"},\"primaryImageOfPage\":{\"@id\":\"https:\/\/www.packr.com\/fr\/retrouvez-nous-a-pack-expo-en-octobre-2022\/#primaryimage\"},\"image\":{\"@id\":\"https:\/\/www.packr.com\/fr\/retrouvez-nous-a-pack-expo-en-octobre-2022\/#primaryimage\"},\"thumbnailUrl\":\"https:\/\/www.packr.com\/wp-content\/uploads\/2022\/09\/Actu-site-FR.jpg\",\"datePublished\":\"2022-09-08T14:21:45+00:00\",\"dateModified\":\"2026-01-12T12:51:54+00:00\",\"breadcrumb\":{\"@id\":\"https:\/\/www.packr.com\/fr\/retrouvez-nous-a-pack-expo-en-octobre-2022\/#breadcrumb\"},\"inLanguage\":\"fr-FR\",\"potentialAction\":[{\"@type\":\"ReadAction\",\"target\":[\"https:\/\/www.packr.com\/fr\/retrouvez-nous-a-pack-expo-en-octobre-2022\/\"]}]},{\"@type\":\"ImageObject\",\"inLanguage\":\"fr-FR\",\"@id\":\"https:\/\/www.packr.com\/fr\/retrouvez-nous-a-pack-expo-en-octobre-2022\/#primaryimage\",\"url\":\"https:\/\/www.packr.com\/wp-content\/uploads\/2022\/09\/Actu-site-FR.jpg\",\"contentUrl\":\"https:\/\/www.packr.com\/wp-content\/uploads\/2022\/09\/Actu-site-FR.jpg\",\"width\":1389,\"height\":983},{\"@type\":\"BreadcrumbList\",\"@id\":\"https:\/\/www.packr.com\/fr\/retrouvez-nous-a-pack-expo-en-octobre-2022\/#breadcrumb\",\"itemListElement\":[{\"@type\":\"ListItem\",\"position\":1,\"name\":\"Home\",\"item\":\"https:\/\/www.packr.com\/fr\/\"},{\"@type\":\"ListItem\",\"position\":2,\"name\":\"Retrouvez-nous \u00e0 PACK EXPO en octobre 2022\"}]},{\"@type\":\"WebSite\",\"@id\":\"https:\/\/www.packr.com\/fr\/#website\",\"url\":\"https:\/\/www.packr.com\/fr\/\",\"name\":\"PACKR\",\"description\":\"Filling Solutions\",\"publisher\":{\"@id\":\"https:\/\/www.packr.com\/fr\/#organization\"},\"potentialAction\":[{\"@type\":\"SearchAction\",\"target\":{\"@type\":\"EntryPoint\",\"urlTemplate\":\"https:\/\/www.packr.com\/fr\/?s={search_term_string}\"},\"query-input\":{\"@type\":\"PropertyValueSpecification\",\"valueRequired\":true,\"valueName\":\"search_term_string\"}}],\"inLanguage\":\"fr-FR\"},{\"@type\":\"Organization\",\"@id\":\"https:\/\/www.packr.com\/fr\/#organization\",\"name\":\"PACKR\",\"url\":\"https:\/\/www.packr.com\/fr\/\",\"logo\":{\"@type\":\"ImageObject\",\"inLanguage\":\"fr-FR\",\"@id\":\"https:\/\/www.packr.com\/fr\/#\/schema\/logo\/image\/\",\"url\":\"https:\/\/www.packr.com\/wp-content\/uploads\/2020\/12\/logo_packr.svg\",\"contentUrl\":\"https:\/\/www.packr.com\/wp-content\/uploads\/2020\/12\/logo_packr.svg\",\"width\":270,\"height\":855,\"caption\":\"PACKR\"},\"image\":{\"@id\":\"https:\/\/www.packr.com\/fr\/#\/schema\/logo\/image\/\"}},{\"@type\":\"Person\",\"@id\":\"https:\/\/www.packr.com\/fr\/#\/schema\/person\/baa914d63c89dde437077d1ddd303eab\",\"name\":\"CamilleChabot\",\"image\":{\"@type\":\"ImageObject\",\"inLanguage\":\"fr-FR\",\"@id\":\"https:\/\/www.packr.com\/fr\/#\/schema\/person\/image\/\",\"url\":\"https:\/\/secure.gravatar.com\/avatar\/aa734c3037af6ec8ce51ca7dc8f7f6a1?s=96&d=mm&r=g\",\"contentUrl\":\"https:\/\/secure.gravatar.com\/avatar\/aa734c3037af6ec8ce51ca7dc8f7f6a1?s=96&d=mm&r=g\",\"caption\":\"CamilleChabot\"},\"url\":\"https:\/\/www.packr.com\/fr\/author\/camillechabot\/\"}]}<\/script>\n<!-- \/ Yoast SEO plugin. -->","yoast_head_json":{"title":"Retrouvez-nous \u00e0 PACK EXPO en octobre 2022 - PACK'R","robots":{"index":"index","follow":"follow","max-snippet":"max-snippet:-1","max-image-preview":"max-image-preview:large","max-video-preview":"max-video-preview:-1"},"canonical":"https:\/\/www.packr.com\/fr\/retrouvez-nous-a-pack-expo-en-octobre-2022\/","og_locale":"fr_FR","og_type":"article","og_title":"Retrouvez-nous \u00e0 PACK EXPO en octobre 2022 - PACK'R","og_description":"[vc_row][vc_column][vc_column_text uncode_shortcode_id=\u00a0\u00bb375766&Prime;] PACK EXPO, 2022 PACK EXPO International est le salon de l&rsquo;industrie que vous ne pouvez pas manquer. Apr\u00e8s [&hellip;]","og_url":"https:\/\/www.packr.com\/fr\/retrouvez-nous-a-pack-expo-en-octobre-2022\/","og_site_name":"PACKR","article_published_time":"2022-09-08T14:21:45+00:00","article_modified_time":"2026-01-12T12:51:54+00:00","og_image":[{"width":1389,"height":983,"url":"https:\/\/www.packr.com\/wp-content\/uploads\/2022\/09\/Actu-site-FR.jpg","type":"image\/jpeg"}],"author":"CamilleChabot","twitter_card":"summary_large_image","twitter_misc":{"\u00c9crit par":"CamilleChabot","Dur\u00e9e de lecture estim\u00e9e":"1 minute"},"schema":{"@context":"https:\/\/schema.org","@graph":[{"@type":"Article","@id":"https:\/\/www.packr.com\/fr\/retrouvez-nous-a-pack-expo-en-octobre-2022\/#article","isPartOf":{"@id":"https:\/\/www.packr.com\/fr\/retrouvez-nous-a-pack-expo-en-octobre-2022\/"},"author":{"name":"CamilleChabot","@id":"https:\/\/www.packr.com\/fr\/#\/schema\/person\/baa914d63c89dde437077d1ddd303eab"},"headline":"Retrouvez-nous \u00e0 PACK EXPO en octobre 2022","datePublished":"2022-09-08T14:21:45+00:00","dateModified":"2026-01-12T12:51:54+00:00","mainEntityOfPage":{"@id":"https:\/\/www.packr.com\/fr\/retrouvez-nous-a-pack-expo-en-octobre-2022\/"},"wordCount":112,"publisher":{"@id":"https:\/\/www.packr.com\/fr\/#organization"},"image":{"@id":"https:\/\/www.packr.com\/fr\/retrouvez-nous-a-pack-expo-en-octobre-2022\/#primaryimage"},"thumbnailUrl":"https:\/\/www.packr.com\/wp-content\/uploads\/2022\/09\/Actu-site-FR.jpg","articleSection":["Actualit\u00e9s","Ev\u00e8nements"],"inLanguage":"fr-FR"},{"@type":"WebPage","@id":"https:\/\/www.packr.com\/fr\/retrouvez-nous-a-pack-expo-en-octobre-2022\/","url":"https:\/\/www.packr.com\/fr\/retrouvez-nous-a-pack-expo-en-octobre-2022\/","name":"Retrouvez-nous \u00e0 PACK EXPO en octobre 2022 - PACK'R","isPartOf":{"@id":"https:\/\/www.packr.com\/fr\/#website"},"primaryImageOfPage":{"@id":"https:\/\/www.packr.com\/fr\/retrouvez-nous-a-pack-expo-en-octobre-2022\/#primaryimage"},"image":{"@id":"https:\/\/www.packr.com\/fr\/retrouvez-nous-a-pack-expo-en-octobre-2022\/#primaryimage"},"thumbnailUrl":"https:\/\/www.packr.com\/wp-content\/uploads\/2022\/09\/Actu-site-FR.jpg","datePublished":"2022-09-08T14:21:45+00:00","dateModified":"2026-01-12T12:51:54+00:00","breadcrumb":{"@id":"https:\/\/www.packr.com\/fr\/retrouvez-nous-a-pack-expo-en-octobre-2022\/#breadcrumb"},"inLanguage":"fr-FR","potentialAction":[{"@type":"ReadAction","target":["https:\/\/www.packr.com\/fr\/retrouvez-nous-a-pack-expo-en-octobre-2022\/"]}]},{"@type":"ImageObject","inLanguage":"fr-FR","@id":"https:\/\/www.packr.com\/fr\/retrouvez-nous-a-pack-expo-en-octobre-2022\/#primaryimage","url":"https:\/\/www.packr.com\/wp-content\/uploads\/2022\/09\/Actu-site-FR.jpg","contentUrl":"https:\/\/www.packr.com\/wp-content\/uploads\/2022\/09\/Actu-site-FR.jpg","width":1389,"height":983},{"@type":"BreadcrumbList","@id":"https:\/\/www.packr.com\/fr\/retrouvez-nous-a-pack-expo-en-octobre-2022\/#breadcrumb","itemListElement":[{"@type":"ListItem","position":1,"name":"Home","item":"https:\/\/www.packr.com\/fr\/"},{"@type":"ListItem","position":2,"name":"Retrouvez-nous \u00e0 PACK EXPO en octobre 2022"}]},{"@type":"WebSite","@id":"https:\/\/www.packr.com\/fr\/#website","url":"https:\/\/www.packr.com\/fr\/","name":"PACKR","description":"Filling Solutions","publisher":{"@id":"https:\/\/www.packr.com\/fr\/#organization"},"potentialAction":[{"@type":"SearchAction","target":{"@type":"EntryPoint","urlTemplate":"https:\/\/www.packr.com\/fr\/?s={search_term_string}"},"query-input":{"@type":"PropertyValueSpecification","valueRequired":true,"valueName":"search_term_string"}}],"inLanguage":"fr-FR"},{"@type":"Organization","@id":"https:\/\/www.packr.com\/fr\/#organization","name":"PACKR","url":"https:\/\/www.packr.com\/fr\/","logo":{"@type":"ImageObject","inLanguage":"fr-FR","@id":"https:\/\/www.packr.com\/fr\/#\/schema\/logo\/image\/","url":"https:\/\/www.packr.com\/wp-content\/uploads\/2020\/12\/logo_packr.svg","contentUrl":"https:\/\/www.packr.com\/wp-content\/uploads\/2020\/12\/logo_packr.svg","width":270,"height":855,"caption":"PACKR"},"image":{"@id":"https:\/\/www.packr.com\/fr\/#\/schema\/logo\/image\/"}},{"@type":"Person","@id":"https:\/\/www.packr.com\/fr\/#\/schema\/person\/baa914d63c89dde437077d1ddd303eab","name":"CamilleChabot","image":{"@type":"ImageObject","inLanguage":"fr-FR","@id":"https:\/\/www.packr.com\/fr\/#\/schema\/person\/image\/","url":"https:\/\/secure.gravatar.com\/avatar\/aa734c3037af6ec8ce51ca7dc8f7f6a1?s=96&d=mm&r=g","contentUrl":"https:\/\/secure.gravatar.com\/avatar\/aa734c3037af6ec8ce51ca7dc8f7f6a1?s=96&d=mm&r=g","caption":"CamilleChabot"},"url":"https:\/\/www.packr.com\/fr\/author\/camillechabot\/"}]}},"_links":{"self":[{"href":"https:\/\/www.packr.com\/fr\/wp-json\/wp\/v2\/posts\/3161"}],"collection":[{"href":"https:\/\/www.packr.com\/fr\/wp-json\/wp\/v2\/posts"}],"about":[{"href":"https:\/\/www.packr.com\/fr\/wp-json\/wp\/v2\/types\/post"}],"author":[{"embeddable":true,"href":"https:\/\/www.packr.com\/fr\/wp-json\/wp\/v2\/users\/5"}],"replies":[{"embeddable":true,"href":"https:\/\/www.packr.com\/fr\/wp-json\/wp\/v2\/comments?post=3161"}],"version-history":[{"count":5,"href":"https:\/\/www.packr.com\/fr\/wp-json\/wp\/v2\/posts\/3161\/revisions"}],"predecessor-version":[{"id":10676,"href":"https:\/\/www.packr.com\/fr\/wp-json\/wp\/v2\/posts\/3161\/revisions\/10676"}],"wp:featuredmedia":[{"embeddable":true,"href":"https:\/\/www.packr.com\/fr\/wp-json\/wp\/v2\/media\/3170"}],"wp:attachment":[{"href":"https:\/\/www.packr.com\/fr\/wp-json\/wp\/v2\/media?parent=3161"}],"wp:term":[{"taxonomy":"category","embeddable":true,"href":"https:\/\/www.packr.com\/fr\/wp-json\/wp\/v2\/categories?post=3161"},{"taxonomy":"post_tag","embeddable":true,"href":"https:\/\/www.packr.com\/fr\/wp-json\/wp\/v2\/tags?post=3161"}],"curies":[{"name":"wp","href":"https:\/\/api.w.org\/{rel}","templated":true}]}}